{"id":35288,"date":"2024-08-26T20:09:24","date_gmt":"2024-08-27T00:09:24","guid":{"rendered":"https:\/\/newssprinters.com\/index.php\/world\/fugitive-ex-official-implicates-mexican-ex-president-others-in-tale-spun-of-student-disappearances\/26\/08\/2024\/"},"modified":"2024-08-26T20:09:24","modified_gmt":"2024-08-27T00:09:24","slug":"fugitive-ex-official-implicates-mexican-ex-president-others-in-tale-spun-of-student-disappearances","status":"publish","type":"post","link":"https:\/\/newssprinters.com\/index.php\/world\/fugitive-ex-official-implicates-mexican-ex-president-others-in-tale-spun-of-student-disappearances\/26\/08\/2024\/","title":{"rendered":"Fugitive ex-official implicates Mexican ex-president, others in tale spun of student disappearances"},"content":{"rendered":"<p>\n<\/p>\n<div>\n<p>MEXICO CITY (AP) \u2014 A former head of investigations for Mexico\u2019s Attorney General\u2019s Office told officials investigating the 2014 disappearance of 43 students that the so-called \u201chistoric truth\u201d presented to the public weeks later was cooked up by the highest ranking authorities in the government during meetings presided over by then-President Enrique Pe\u00f1a Nieto, a Mexican news outlet reported Monday.<\/p>\n<p>Tom\u00e1s Zer\u00f3n, a fugitive now in Israel beyond the reach of Mexican law enforcement, told investigators that the president and members of his security Cabinet were present, the independent journalism collective Fabrica de Periodismo reported.<\/p>\n<p>It quoted from Zer\u00f3n\u2019s answers to a lengthy questionnaire sent to him in 2022 by Mexico\u2019s top human rights official at the time, Alejandro Encinas, which was released under a freedom of information request.<\/p>\n<p>The \u201chistoric truth\u201d version contended the students were turned over by local police to a drug gang in the city of Iguala. The gang purportedly killed the students, incinerated their bodies at a dump in nearby Cocula and tossed the remains into a river.<\/p>\n<p>Subsequent investigations by independent experts and the Attorney General\u2019s Office, and corroborated by the Truth Commission established for the case, have since dismissed the idea the bodies were burned at the dump.<\/p>\n<p>A local drug gang was indeed involved, they determined, but the Truth Commission also believes <a href=\"https:\/\/apnews.com\/article\/mexico-crime-caribbean-9f921cc893c4d70ea65377edc9fd80a1\" rel=\"nofollow noopener\" target=\"_blank\" data-ylk=\"slk:corrupt members of Mexico's military;elm:context_link;itc:0;sec:content-canvas\" class=\"link \">corrupt members of Mexico&#8217;s military<\/a> as well as police at all levels were, too.<\/p>\n<p>Encinas, the human rights official, previously referred to high-level meetings of officials to discuss the \u201chistoric truth\u201d version, but without identifying all of those present.<\/p>\n<p>According to Zer\u00f3n, the meetings were attended by the president as well as his security Cabinet and then-Attorney General Jes\u00fas Murillo Karam. Murillo Karam has been credited with calling the explanation of the students\u2019 disappearance the \u201chistoric truth\u201d and has been under house arrest awaiting trial. Pe\u00f1a Nieto now lives in Spain.<\/p>\n<p>Zer\u00f3n, who is <a href=\"https:\/\/apnews.com\/general-news-cfcf0fe516e598cd2a97ada12442ee56\" rel=\"nofollow noopener\" target=\"_blank\" data-ylk=\"slk:accused of torture and forced disappearance;elm:context_link;itc:0;sec:content-canvas\" class=\"link \">accused of torture and forced disappearance<\/a>, did not provide any detail on Pe\u00f1a Nieto\u2019s involvement other than to say he was at the meetings.<\/p>\n<p>Encinas, who resigned from his post last year, has said he offered Zer\u00f3n a deal for his cooperation in the investigation.<\/p>\n<p>Asked about the case Monday, President Andr\u00e9s Manuel L\u00f3pez Obrador said Zer\u00f3n should turn himself in.<\/p>\n<p>\u201cIt would help a lot if he would come to make a statement and take responsibility,\u201d the president said.<\/p>\n<p>L\u00f3pez Obrador was scheduled to meet with families of the missing students Tuesday, the last time before he leaves office at the end of September.<\/p>\n<p>Families of the missing students made their monthly march for justice in the capital on Monday.<\/p>\n<\/div>\n<p><a href=\"https:\/\/www.yahoo.com\/news\/fugitive-ex-official-implicates-mexican-233930940.html\" target=\"_blank\" rel=\"noopener nofollow\">Source link <\/a><\/p>\n","protected":false},"excerpt":{"rendered":"<p>MEXICO CITY (AP) &mdash; A former head of investigations for Mexico&rsquo;s Attorney General&rsquo;s Office told officials investigating the 2014 disappearance of 43<br \/><button class=\"read-more\"><a href=\"https:\/\/newssprinters.com\/index.php\/world\/fugitive-ex-official-implicates-mexican-ex-president-others-in-tale-spun-of-student-disappearances\/26\/08\/2024\/\">Read More &rsaquo;<\/a><\/button><\/p>\n","protected":false},"author":1,"featured_media":35290,"comment_status":"open","ping_status":"open","sticky":false,"template":"","format":"standard","meta":{"_seopress_robots_primary_cat":"","_seopress_titles_title":"","_seopress_titles_desc":"","_seopress_robots_index":"","footnotes":""},"categories":[2],"tags":[],"_links":{"self":[{"href":"https:\/\/newssprinters.com\/index.php\/wp-json\/wp\/v2\/posts\/35288"}],"collection":[{"href":"https:\/\/newssprinters.com\/index.php\/wp-json\/wp\/v2\/posts"}],"about":[{"href":"https:\/\/newssprinters.com\/index.php\/wp-json\/wp\/v2\/types\/post"}],"author":[{"embeddable":true,"href":"https:\/\/newssprinters.com\/index.php\/wp-json\/wp\/v2\/users\/1"}],"replies":[{"embeddable":true,"href":"https:\/\/newssprinters.com\/index.php\/wp-json\/wp\/v2\/comments?post=35288"}],"version-history":[{"count":0,"href":"https:\/\/newssprinters.com\/index.php\/wp-json\/wp\/v2\/posts\/35288\/revisions"}],"wp:featuredmedia":[{"embeddable":true,"href":"https:\/\/newssprinters.com\/index.php\/wp-json\/wp\/v2\/media\/35290"}],"wp:attachment":[{"href":"https:\/\/newssprinters.com\/index.php\/wp-json\/wp\/v2\/media?parent=35288"}],"wp:term":[{"taxonomy":"category","embeddable":true,"href":"https:\/\/newssprinters.com\/index.php\/wp-json\/wp\/v2\/categories?post=35288"},{"taxonomy":"post_tag","embeddable":true,"href":"https:\/\/newssprinters.com\/index.php\/wp-json\/wp\/v2\/tags?post=35288"}],"curies":[{"name":"wp","href":"https:\/\/api.w.org\/{rel}","templated":true}]}}